{"id":3836,"date":"2024-05-02T12:09:04","date_gmt":"2024-05-02T12:09:04","guid":{"rendered":"https:\/\/weiss.bazaks.digital\/campeonato-suizo-de-ciclismo-en-carretera\/"},"modified":"2024-10-29T08:55:50","modified_gmt":"2024-10-29T08:55:50","slug":"campeonato-suizo-de-ciclismo-en-carretera","status":"publish","type":"post","link":"https:\/\/weiss.bazaks.digital\/es\/campeonato-suizo-de-ciclismo-en-carretera\/","title":{"rendered":"Campeonato Suizo de Ciclismo en Carretera"},"content":{"rendered":"\t\t<div data-elementor-type=\"wp-post\" data-elementor-id=\"3836\" class=\"elementor elementor-3836 elementor-626\" data-elementor-post-type=\"post\">\n\t\t\t\t<div class=\"elementor-element elementor-element-eb1a7d4 e-flex e-con-boxed e-con e-parent\" data-id=\"eb1a7d4\" data-element_type=\"container\" data-settings=\"{&quot;background_background&quot;:&quot;classic&quot;}\">\n\t\t\t\t\t<div class=\"e-con-inner\">\n\t\t\t\t<div class=\"elementor-element elementor-element-95b791b elementor-widget elementor-widget-text-editor\" data-id=\"95b791b\" data-element_type=\"widget\" data-widget_type=\"text-editor.default\">\n\t\t\t\t<div class=\"elementor-widget-container\">\n\t\t\t\t\t\t\t\t\t<p><strong>Weisshorn AM S.A.<\/strong> tiene el honor de ser uno de los principales patrocinadores del <strong>Campeonato Suizo de Ciclismo \u00c9lite<\/strong> femenino y masculino. El evento tendr\u00e1 lugar en <strong>Aire-la-Ville los d\u00edas 20, 22 y 23 de junio de 2024<\/strong>.<\/p>\n<p>Este a\u00f1o, tenemos la suerte de acoger estos campeonatos nacionales en el cant\u00f3n de Ginebra, algo que no suced\u00eda en la Suiza franc\u00f3fona desde 2016. No solo estar\u00e1 presente la \u00e9lite, sino tambi\u00e9n las j\u00f3venes promesas, con categor\u00edas m\u00e1ster, sub-17, paraciclismo y handbike.<\/p>\n<p>Para hacer a\u00fan m\u00e1s grande esta fiesta del ciclismo, ir\u00e1 acompa\u00f1ada de carreras populares para j\u00f3venes y menos j\u00f3venes, \u00a1durante todo el fin de semana!<\/p>\n<p>Aprovechamos tambi\u00e9n la ocasi\u00f3n para felicitar a los organizadores de este acontecimiento por la calidad de su trabajo de preparaci\u00f3n, y deseamos a todos los ciclistas un buen viaje.<\/p>\n\t\t\t\t\t\t\t\t<\/div>\n\t\t\t\t<\/div>\n\t\t\t\t<div class=\"elementor-element elementor-element-7802d8a elementor-align-center elementor-icon-list--layout-traditional elementor-list-item-link-full_width elementor-widget elementor-widget-icon-list\" data-id=\"7802d8a\" data-element_type=\"widget\" data-widget_type=\"icon-list.default\">\n\t\t\t\t<div class=\"elementor-widget-container\">\n\t\t\t\t\t\t\t<ul class=\"elementor-icon-list-items\">\n\t\t\t\t\t\t\t<li class=\"elementor-icon-list-item\">\n\t\t\t\t\t\t\t\t\t\t\t<a href=\"https:\/\/weiss.bazaks.digital\/wp-content\/uploads\/2024\/07\/Flyer_Championnat_Suisse_Cyclisme_2024.pdf\" target=\"_blank\">\n\n\t\t\t\t\t\t\t\t\t\t\t\t<span class=\"elementor-icon-list-icon\">\n\t\t\t\t\t\t\t<svg aria-hidden=\"true\" class=\"e-font-icon-svg e-far-file-pdf\" viewBox=\"0 0 384 512\" xmlns=\"http:\/\/www.w3.org\/2000\/svg\"><path d=\"M369.9 97.9L286 14C277 5 264.8-.1 252.1-.1H48C21.5 0 0 21.5 0 48v416c0 26.5 21.5 48 48 48h288c26.5 0 48-21.5 48-48V131.9c0-12.7-5.1-25-14.1-34zM332.1 128H256V51.9l76.1 76.1zM48 464V48h160v104c0 13.3 10.7 24 24 24h104v288H48zm250.2-143.7c-12.2-12-47-8.7-64.4-6.5-17.2-10.5-28.7-25-36.8-46.3 3.9-16.1 10.1-40.6 5.4-56-4.2-26.2-37.8-23.6-42.6-5.9-4.4 16.1-.4 38.5 7 67.1-10 23.9-24.9 56-35.4 74.4-20 10.3-47 26.2-51 46.2-3.3 15.8 26 55.2 76.1-31.2 22.4-7.4 46.8-16.5 68.4-20.1 18.9 10.2 41 17 55.8 17 25.5 0 28-28.2 17.5-38.7zm-198.1 77.8c5.1-13.7 24.5-29.5 30.4-35-19 30.3-30.4 35.7-30.4 35zm81.6-190.6c7.4 0 6.7 32.1 1.8 40.8-4.4-13.9-4.3-40.8-1.8-40.8zm-24.4 136.6c9.7-16.9 18-37 24.7-54.7 8.3 15.1 18.9 27.2 30.1 35.5-20.8 4.3-38.9 13.1-54.8 19.2zm131.6-5s-5 6-37.3-7.8c35.1-2.6 40.9 5.4 37.3 7.8z\"><\/path><\/svg>\t\t\t\t\t\t<\/span>\n\t\t\t\t\t\t\t\t\t\t<span class=\"elementor-icon-list-text\">Flyer Campeonato Suizo de Ciclismo 2024<\/span>\n\t\t\t\t\t\t\t\t\t\t\t<\/a>\n\t\t\t\t\t\t\t\t\t<\/li>\n\t\t\t\t\t\t<\/ul>\n\t\t\t\t\t\t<\/div>\n\t\t\t\t<\/div>\n\t\t\t\t\t<\/div>\n\t\t\t\t<\/div>\n\t\t\t\t<\/div>\n\t\t","protected":false},"excerpt":{"rendered":"<p>Weisshorn AM S.A. tiene el honor de ser uno de los principales patrocinadores del Campeonato Suizo de Ciclismo \u00c9lite femenino y masculino. El evento tendr\u00e1 lugar en Aire-la-Ville los d\u00edas 20, 22 y 23 de junio de 2024. Este a\u00f1o, tenemos la suerte de acoger estos campeonatos nacionales en el cant\u00f3n de Ginebra, algo que [&hellip;]<\/p>\n","protected":false},"author":1,"featured_media":1507,"comment_status":"closed","ping_status":"closed","sticky":false,"template":"elementor_theme","format":"standard","meta":{"_acf_changed":false,"footnotes":""},"categories":[41],"tags":[],"acf":[],"yoast_head":"<!-- This site is optimized with the Yoast SEO plugin v23.7 - https:\/\/yoast.com\/wordpress\/plugins\/seo\/ -->\n<title>Campeonato Suizo de Ciclismo en Carretera - weiss.bazaks.digital<\/title>\n<meta name=\"robots\" content=\"index, follow, max-snippet:-1, max-image-preview:large, max-video-preview:-1\" \/>\n<link rel=\"canonical\" href=\"https:\/\/weiss.bazaks.digital\/es\/campeonato-suizo-de-ciclismo-en-carretera\/\" \/>\n<meta property=\"og:locale\" content=\"es_ES\" \/>\n<meta property=\"og:type\" content=\"article\" \/>\n<meta property=\"og:title\" content=\"Campeonato Suizo de Ciclismo en Carretera - weiss.bazaks.digital\" \/>\n<meta property=\"og:description\" content=\"Weisshorn AM S.A. tiene el honor de ser uno de los principales patrocinadores del Campeonato Suizo de Ciclismo \u00c9lite femenino y masculino. El evento tendr\u00e1 lugar en Aire-la-Ville los d\u00edas 20, 22 y 23 de junio de 2024. Este a\u00f1o, tenemos la suerte de acoger estos campeonatos nacionales en el cant\u00f3n de Ginebra, algo que [&hellip;]\" \/>\n<meta property=\"og:url\" content=\"https:\/\/weiss.bazaks.digital\/es\/campeonato-suizo-de-ciclismo-en-carretera\/\" \/>\n<meta property=\"og:site_name\" content=\"weiss.bazaks.digital\" \/>\n<meta property=\"article:published_time\" content=\"2024-05-02T12:09:04+00:00\" \/>\n<meta property=\"article:modified_time\" content=\"2024-10-29T08:55:50+00:00\" \/>\n<meta property=\"og:image\" content=\"https:\/\/weiss.bazaks.digital\/wp-content\/uploads\/2024\/07\/illus-article-1.jpg\" \/>\n\t<meta property=\"og:image:width\" content=\"995\" \/>\n\t<meta property=\"og:image:height\" content=\"442\" \/>\n\t<meta property=\"og:image:type\" content=\"image\/jpeg\" \/>\n<meta name=\"author\" content=\"nashvin22@gmail.com\" \/>\n<meta name=\"twitter:card\" content=\"summary_large_image\" \/>\n<meta name=\"twitter:label1\" content=\"Escrito por\" \/>\n\t<meta name=\"twitter:data1\" content=\"nashvin22@gmail.com\" \/>\n\t<meta name=\"twitter:label2\" content=\"Tiempo de lectura\" \/>\n\t<meta name=\"twitter:data2\" content=\"1 minuto\" \/>\n<script type=\"application\/ld+json\" class=\"yoast-schema-graph\">{\"@context\":\"https:\/\/schema.org\",\"@graph\":[{\"@type\":\"Article\",\"@id\":\"https:\/\/weiss.bazaks.digital\/es\/campeonato-suizo-de-ciclismo-en-carretera\/#article\",\"isPartOf\":{\"@id\":\"https:\/\/weiss.bazaks.digital\/es\/campeonato-suizo-de-ciclismo-en-carretera\/\"},\"author\":{\"name\":\"nashvin22@gmail.com\",\"@id\":\"https:\/\/weiss.bazaks.digital\/es\/#\/schema\/person\/b6d7064915b29345db0f015ef4df8f51\"},\"headline\":\"Campeonato Suizo de Ciclismo en Carretera\",\"datePublished\":\"2024-05-02T12:09:04+00:00\",\"dateModified\":\"2024-10-29T08:55:50+00:00\",\"mainEntityOfPage\":{\"@id\":\"https:\/\/weiss.bazaks.digital\/es\/campeonato-suizo-de-ciclismo-en-carretera\/\"},\"wordCount\":159,\"publisher\":{\"@id\":\"https:\/\/weiss.bazaks.digital\/es\/#organization\"},\"image\":{\"@id\":\"https:\/\/weiss.bazaks.digital\/es\/campeonato-suizo-de-ciclismo-en-carretera\/#primaryimage\"},\"thumbnailUrl\":\"https:\/\/weiss.bazaks.digital\/wp-content\/uploads\/2024\/07\/illus-article-1.jpg\",\"articleSection\":[\"News\"],\"inLanguage\":\"es\"},{\"@type\":\"WebPage\",\"@id\":\"https:\/\/weiss.bazaks.digital\/es\/campeonato-suizo-de-ciclismo-en-carretera\/\",\"url\":\"https:\/\/weiss.bazaks.digital\/es\/campeonato-suizo-de-ciclismo-en-carretera\/\",\"name\":\"Campeonato Suizo de Ciclismo en Carretera - weiss.bazaks.digital\",\"isPartOf\":{\"@id\":\"https:\/\/weiss.bazaks.digital\/es\/#website\"},\"primaryImageOfPage\":{\"@id\":\"https:\/\/weiss.bazaks.digital\/es\/campeonato-suizo-de-ciclismo-en-carretera\/#primaryimage\"},\"image\":{\"@id\":\"https:\/\/weiss.bazaks.digital\/es\/campeonato-suizo-de-ciclismo-en-carretera\/#primaryimage\"},\"thumbnailUrl\":\"https:\/\/weiss.bazaks.digital\/wp-content\/uploads\/2024\/07\/illus-article-1.jpg\",\"datePublished\":\"2024-05-02T12:09:04+00:00\",\"dateModified\":\"2024-10-29T08:55:50+00:00\",\"breadcrumb\":{\"@id\":\"https:\/\/weiss.bazaks.digital\/es\/campeonato-suizo-de-ciclismo-en-carretera\/#breadcrumb\"},\"inLanguage\":\"es\",\"potentialAction\":[{\"@type\":\"ReadAction\",\"target\":[\"https:\/\/weiss.bazaks.digital\/es\/campeonato-suizo-de-ciclismo-en-carretera\/\"]}]},{\"@type\":\"ImageObject\",\"inLanguage\":\"es\",\"@id\":\"https:\/\/weiss.bazaks.digital\/es\/campeonato-suizo-de-ciclismo-en-carretera\/#primaryimage\",\"url\":\"https:\/\/weiss.bazaks.digital\/wp-content\/uploads\/2024\/07\/illus-article-1.jpg\",\"contentUrl\":\"https:\/\/weiss.bazaks.digital\/wp-content\/uploads\/2024\/07\/illus-article-1.jpg\",\"width\":995,\"height\":442},{\"@type\":\"BreadcrumbList\",\"@id\":\"https:\/\/weiss.bazaks.digital\/es\/campeonato-suizo-de-ciclismo-en-carretera\/#breadcrumb\",\"itemListElement\":[{\"@type\":\"ListItem\",\"position\":1,\"name\":\"Home\",\"item\":\"https:\/\/weiss.bazaks.digital\/es\/\"},{\"@type\":\"ListItem\",\"position\":2,\"name\":\"Campeonato Suizo de Ciclismo en Carretera\"}]},{\"@type\":\"WebSite\",\"@id\":\"https:\/\/weiss.bazaks.digital\/es\/#website\",\"url\":\"https:\/\/weiss.bazaks.digital\/es\/\",\"name\":\"weiss.bazaks.digital\",\"description\":\"\",\"publisher\":{\"@id\":\"https:\/\/weiss.bazaks.digital\/es\/#organization\"},\"potentialAction\":[{\"@type\":\"SearchAction\",\"target\":{\"@type\":\"EntryPoint\",\"urlTemplate\":\"https:\/\/weiss.bazaks.digital\/es\/?s={search_term_string}\"},\"query-input\":{\"@type\":\"PropertyValueSpecification\",\"valueRequired\":true,\"valueName\":\"search_term_string\"}}],\"inLanguage\":\"es\"},{\"@type\":\"Organization\",\"@id\":\"https:\/\/weiss.bazaks.digital\/es\/#organization\",\"name\":\"weiss.bazaks.digital\",\"url\":\"https:\/\/weiss.bazaks.digital\/es\/\",\"logo\":{\"@type\":\"ImageObject\",\"inLanguage\":\"es\",\"@id\":\"https:\/\/weiss.bazaks.digital\/es\/#\/schema\/logo\/image\/\",\"url\":\"https:\/\/weiss.bazaks.digital\/wp-content\/uploads\/2024\/07\/logo-weisshorn.png\",\"contentUrl\":\"https:\/\/weiss.bazaks.digital\/wp-content\/uploads\/2024\/07\/logo-weisshorn.png\",\"width\":228,\"height\":55,\"caption\":\"weiss.bazaks.digital\"},\"image\":{\"@id\":\"https:\/\/weiss.bazaks.digital\/es\/#\/schema\/logo\/image\/\"}},{\"@type\":\"Person\",\"@id\":\"https:\/\/weiss.bazaks.digital\/es\/#\/schema\/person\/b6d7064915b29345db0f015ef4df8f51\",\"name\":\"nashvin22@gmail.com\",\"image\":{\"@type\":\"ImageObject\",\"inLanguage\":\"es\",\"@id\":\"https:\/\/weiss.bazaks.digital\/es\/#\/schema\/person\/image\/\",\"url\":\"https:\/\/secure.gravatar.com\/avatar\/c0e526c12cddb712a436fe38e7242aed?s=96&d=mm&r=g\",\"contentUrl\":\"https:\/\/secure.gravatar.com\/avatar\/c0e526c12cddb712a436fe38e7242aed?s=96&d=mm&r=g\",\"caption\":\"nashvin22@gmail.com\"},\"sameAs\":[\"http:\/\/weiss.bazaks.digital\"],\"url\":\"https:\/\/weiss.bazaks.digital\/es\/author\/nashvin22gmail-com\/\"}]}<\/script>\n<!-- \/ Yoast SEO plugin. -->","yoast_head_json":{"title":"Campeonato Suizo de Ciclismo en Carretera - weiss.bazaks.digital","robots":{"index":"index","follow":"follow","max-snippet":"max-snippet:-1","max-image-preview":"max-image-preview:large","max-video-preview":"max-video-preview:-1"},"canonical":"https:\/\/weiss.bazaks.digital\/es\/campeonato-suizo-de-ciclismo-en-carretera\/","og_locale":"es_ES","og_type":"article","og_title":"Campeonato Suizo de Ciclismo en Carretera - weiss.bazaks.digital","og_description":"Weisshorn AM S.A. tiene el honor de ser uno de los principales patrocinadores del Campeonato Suizo de Ciclismo \u00c9lite femenino y masculino. El evento tendr\u00e1 lugar en Aire-la-Ville los d\u00edas 20, 22 y 23 de junio de 2024. Este a\u00f1o, tenemos la suerte de acoger estos campeonatos nacionales en el cant\u00f3n de Ginebra, algo que [&hellip;]","og_url":"https:\/\/weiss.bazaks.digital\/es\/campeonato-suizo-de-ciclismo-en-carretera\/","og_site_name":"weiss.bazaks.digital","article_published_time":"2024-05-02T12:09:04+00:00","article_modified_time":"2024-10-29T08:55:50+00:00","og_image":[{"width":995,"height":442,"url":"https:\/\/weiss.bazaks.digital\/wp-content\/uploads\/2024\/07\/illus-article-1.jpg","type":"image\/jpeg"}],"author":"nashvin22@gmail.com","twitter_card":"summary_large_image","twitter_misc":{"Escrito por":"nashvin22@gmail.com","Tiempo de lectura":"1 minuto"},"schema":{"@context":"https:\/\/schema.org","@graph":[{"@type":"Article","@id":"https:\/\/weiss.bazaks.digital\/es\/campeonato-suizo-de-ciclismo-en-carretera\/#article","isPartOf":{"@id":"https:\/\/weiss.bazaks.digital\/es\/campeonato-suizo-de-ciclismo-en-carretera\/"},"author":{"name":"nashvin22@gmail.com","@id":"https:\/\/weiss.bazaks.digital\/es\/#\/schema\/person\/b6d7064915b29345db0f015ef4df8f51"},"headline":"Campeonato Suizo de Ciclismo en Carretera","datePublished":"2024-05-02T12:09:04+00:00","dateModified":"2024-10-29T08:55:50+00:00","mainEntityOfPage":{"@id":"https:\/\/weiss.bazaks.digital\/es\/campeonato-suizo-de-ciclismo-en-carretera\/"},"wordCount":159,"publisher":{"@id":"https:\/\/weiss.bazaks.digital\/es\/#organization"},"image":{"@id":"https:\/\/weiss.bazaks.digital\/es\/campeonato-suizo-de-ciclismo-en-carretera\/#primaryimage"},"thumbnailUrl":"https:\/\/weiss.bazaks.digital\/wp-content\/uploads\/2024\/07\/illus-article-1.jpg","articleSection":["News"],"inLanguage":"es"},{"@type":"WebPage","@id":"https:\/\/weiss.bazaks.digital\/es\/campeonato-suizo-de-ciclismo-en-carretera\/","url":"https:\/\/weiss.bazaks.digital\/es\/campeonato-suizo-de-ciclismo-en-carretera\/","name":"Campeonato Suizo de Ciclismo en Carretera - weiss.bazaks.digital","isPartOf":{"@id":"https:\/\/weiss.bazaks.digital\/es\/#website"},"primaryImageOfPage":{"@id":"https:\/\/weiss.bazaks.digital\/es\/campeonato-suizo-de-ciclismo-en-carretera\/#primaryimage"},"image":{"@id":"https:\/\/weiss.bazaks.digital\/es\/campeonato-suizo-de-ciclismo-en-carretera\/#primaryimage"},"thumbnailUrl":"https:\/\/weiss.bazaks.digital\/wp-content\/uploads\/2024\/07\/illus-article-1.jpg","datePublished":"2024-05-02T12:09:04+00:00","dateModified":"2024-10-29T08:55:50+00:00","breadcrumb":{"@id":"https:\/\/weiss.bazaks.digital\/es\/campeonato-suizo-de-ciclismo-en-carretera\/#breadcrumb"},"inLanguage":"es","potentialAction":[{"@type":"ReadAction","target":["https:\/\/weiss.bazaks.digital\/es\/campeonato-suizo-de-ciclismo-en-carretera\/"]}]},{"@type":"ImageObject","inLanguage":"es","@id":"https:\/\/weiss.bazaks.digital\/es\/campeonato-suizo-de-ciclismo-en-carretera\/#primaryimage","url":"https:\/\/weiss.bazaks.digital\/wp-content\/uploads\/2024\/07\/illus-article-1.jpg","contentUrl":"https:\/\/weiss.bazaks.digital\/wp-content\/uploads\/2024\/07\/illus-article-1.jpg","width":995,"height":442},{"@type":"BreadcrumbList","@id":"https:\/\/weiss.bazaks.digital\/es\/campeonato-suizo-de-ciclismo-en-carretera\/#breadcrumb","itemListElement":[{"@type":"ListItem","position":1,"name":"Home","item":"https:\/\/weiss.bazaks.digital\/es\/"},{"@type":"ListItem","position":2,"name":"Campeonato Suizo de Ciclismo en Carretera"}]},{"@type":"WebSite","@id":"https:\/\/weiss.bazaks.digital\/es\/#website","url":"https:\/\/weiss.bazaks.digital\/es\/","name":"weiss.bazaks.digital","description":"","publisher":{"@id":"https:\/\/weiss.bazaks.digital\/es\/#organization"},"potentialAction":[{"@type":"SearchAction","target":{"@type":"EntryPoint","urlTemplate":"https:\/\/weiss.bazaks.digital\/es\/?s={search_term_string}"},"query-input":{"@type":"PropertyValueSpecification","valueRequired":true,"valueName":"search_term_string"}}],"inLanguage":"es"},{"@type":"Organization","@id":"https:\/\/weiss.bazaks.digital\/es\/#organization","name":"weiss.bazaks.digital","url":"https:\/\/weiss.bazaks.digital\/es\/","logo":{"@type":"ImageObject","inLanguage":"es","@id":"https:\/\/weiss.bazaks.digital\/es\/#\/schema\/logo\/image\/","url":"https:\/\/weiss.bazaks.digital\/wp-content\/uploads\/2024\/07\/logo-weisshorn.png","contentUrl":"https:\/\/weiss.bazaks.digital\/wp-content\/uploads\/2024\/07\/logo-weisshorn.png","width":228,"height":55,"caption":"weiss.bazaks.digital"},"image":{"@id":"https:\/\/weiss.bazaks.digital\/es\/#\/schema\/logo\/image\/"}},{"@type":"Person","@id":"https:\/\/weiss.bazaks.digital\/es\/#\/schema\/person\/b6d7064915b29345db0f015ef4df8f51","name":"nashvin22@gmail.com","image":{"@type":"ImageObject","inLanguage":"es","@id":"https:\/\/weiss.bazaks.digital\/es\/#\/schema\/person\/image\/","url":"https:\/\/secure.gravatar.com\/avatar\/c0e526c12cddb712a436fe38e7242aed?s=96&d=mm&r=g","contentUrl":"https:\/\/secure.gravatar.com\/avatar\/c0e526c12cddb712a436fe38e7242aed?s=96&d=mm&r=g","caption":"nashvin22@gmail.com"},"sameAs":["http:\/\/weiss.bazaks.digital"],"url":"https:\/\/weiss.bazaks.digital\/es\/author\/nashvin22gmail-com\/"}]}},"_links":{"self":[{"href":"https:\/\/weiss.bazaks.digital\/es\/wp-json\/wp\/v2\/posts\/3836"}],"collection":[{"href":"https:\/\/weiss.bazaks.digital\/es\/wp-json\/wp\/v2\/posts"}],"about":[{"href":"https:\/\/weiss.bazaks.digital\/es\/wp-json\/wp\/v2\/types\/post"}],"author":[{"embeddable":true,"href":"https:\/\/weiss.bazaks.digital\/es\/wp-json\/wp\/v2\/users\/1"}],"replies":[{"embeddable":true,"href":"https:\/\/weiss.bazaks.digital\/es\/wp-json\/wp\/v2\/comments?post=3836"}],"version-history":[{"count":1,"href":"https:\/\/weiss.bazaks.digital\/es\/wp-json\/wp\/v2\/posts\/3836\/revisions"}],"predecessor-version":[{"id":3837,"href":"https:\/\/weiss.bazaks.digital\/es\/wp-json\/wp\/v2\/posts\/3836\/revisions\/3837"}],"wp:featuredmedia":[{"embeddable":true,"href":"https:\/\/weiss.bazaks.digital\/es\/wp-json\/wp\/v2\/media\/1507"}],"wp:attachment":[{"href":"https:\/\/weiss.bazaks.digital\/es\/wp-json\/wp\/v2\/media?parent=3836"}],"wp:term":[{"taxonomy":"category","embeddable":true,"href":"https:\/\/weiss.bazaks.digital\/es\/wp-json\/wp\/v2\/categories?post=3836"},{"taxonomy":"post_tag","embeddable":true,"href":"https:\/\/weiss.bazaks.digital\/es\/wp-json\/wp\/v2\/tags?post=3836"}],"curies":[{"name":"wp","href":"https:\/\/api.w.org\/{rel}","templated":true}]}}